{"id":312,"date":"2017-08-25T09:18:56","date_gmt":"2017-08-25T07:18:56","guid":{"rendered":"https:\/\/www.laburgondie.com\/?p=312"},"modified":"2023-05-22T09:19:39","modified_gmt":"2023-05-22T07:19:39","slug":"flash-vendanges-2017","status":"publish","type":"post","link":"https:\/\/www.laburgondie.com\/en\/flash-vendanges-2017\/","title":{"rendered":"Flash vendanges 2017"},"content":{"rendered":"<p>Mill\u00e9sime 2017 : une belle r\u00e9colte esp\u00e9r\u00e9e en Bourgogne, apr\u00e8s une tr\u00e8s belle fleur.<\/p>\n<p>En Bourgogne, les ann\u00e9es ne se ressemblent pas. Apr\u00e8s une floraison aussi rapide que pr\u00e9coce (elle s\u2019est achev\u00e9e avant la mi-juin, m\u00eame dans les zones les plus tardives), les inqui\u00e9tudes li\u00e9es \u00e0 la p\u00e9riode de gel du printemps (deuxi\u00e8me quinzaine d\u2019avril) se sont envol\u00e9es. La promesse d\u2019une belle r\u00e9colte est plus que jamais d\u2019actualit\u00e9. Le mill\u00e9sime 2017 s\u2019inscrit donc dans la lign\u00e9e des ann\u00e9es 2007, 2009, 2011 et 2015, suivant les secteurs, \u00e0 savoir des mill\u00e9simes pour lesquels les premiers coups de s\u00e9cateurs seront donn\u00e9s fin ao\u00fbt !<\/p>\n<p>Les vendanges battront sans doute leur plein durant les deux premi\u00e8res semaines de septembre.<\/p>","protected":false},"excerpt":{"rendered":"<p>Mill\u00e9sime 2017 : une belle r\u00e9colte esp\u00e9r\u00e9e en Bourgogne, apr\u00e8s une tr\u00e8s belle fleur. En Bourgogne, les ann\u00e9es ne se<\/p>","protected":false},"author":1,"featured_media":313,"comment_status":"closed","ping_status":"closed","sticky":false,"template":"","format":"standard","meta":{"footnotes":""},"categories":[1],"tags":[],"class_list":["post-312","post","type-post","status-publish","format-standard","has-post-thumbnail","hentry","category-actualites"],"_links":{"self":[{"href":"https:\/\/www.laburgondie.com\/en\/wp-json\/wp\/v2\/posts\/312","targetHints":{"allow":["GET"]}}],"collection":[{"href":"https:\/\/www.laburgondie.com\/en\/wp-json\/wp\/v2\/posts"}],"about":[{"href":"https:\/\/www.laburgondie.com\/en\/wp-json\/wp\/v2\/types\/post"}],"author":[{"embeddable":true,"href":"https:\/\/www.laburgondie.com\/en\/wp-json\/wp\/v2\/users\/1"}],"replies":[{"embeddable":true,"href":"https:\/\/www.laburgondie.com\/en\/wp-json\/wp\/v2\/comments?post=312"}],"version-history":[{"count":1,"href":"https:\/\/www.laburgondie.com\/en\/wp-json\/wp\/v2\/posts\/312\/revisions"}],"predecessor-version":[{"id":314,"href":"https:\/\/www.laburgondie.com\/en\/wp-json\/wp\/v2\/posts\/312\/revisions\/314"}],"wp:featuredmedia":[{"embeddable":true,"href":"https:\/\/www.laburgondie.com\/en\/wp-json\/wp\/v2\/media\/313"}],"wp:attachment":[{"href":"https:\/\/www.laburgondie.com\/en\/wp-json\/wp\/v2\/media?parent=312"}],"wp:term":[{"taxonomy":"category","embeddable":true,"href":"https:\/\/www.laburgondie.com\/en\/wp-json\/wp\/v2\/categories?post=312"},{"taxonomy":"post_tag","embeddable":true,"href":"https:\/\/www.laburgondie.com\/en\/wp-json\/wp\/v2\/tags?post=312"}],"curies":[{"name":"wp","href":"https:\/\/api.w.org\/{rel}","templated":true}]}}